{"id":283363,"date":"2025-07-22T11:16:12","date_gmt":"2025-07-22T11:16:12","guid":{"rendered":"http:\/\/ampnvolt.com.my\/?p=283363"},"modified":"2025-09-26T05:31:42","modified_gmt":"2025-09-26T05:31:42","slug":"reggel-vs-esti-adagolas-az-amoxicillinhez-melyik-a","status":"publish","type":"post","link":"http:\/\/ampnvolt.com.my\/?p=283363","title":{"rendered":"Reggel vs esti adagol\u00e1s az amoxicillinhez: Melyik a jobb \u00e9s mi\u00e9rt"},"content":{"rendered":"<p>A vita arr\u00f3l, hogy az amoxicillin reggeli vagy esti adagol\u00e1sa hat\u00e9konyabb, k\u00fcl\u00f6nf\u00e9le t\u00e9nyez\u0151kt\u0151l f\u00fcgg, bele\u00e9rtve a biol\u00f3giai ritmusokat, a gy\u00f3gyszeres kezel\u00e9seket \u00e9s a betegek betart\u00e1s\u00e1t.<\/p>\n<p>Az amoxicillin egy \u00e1ltal\u00e1nosan fel\u00edrt antibiotikum, amelyet k\u00fcl\u00f6nf\u00e9le bakteri\u00e1lis fert\u0151z\u00e9sek kezel\u00e9s\u00e9re haszn\u00e1lnak. Az adagol\u00e1sr\u00f3l sok t\u00e9nyez\u0151 befoly\u00e1solhatja a gy\u00f3gyszer hat\u00e9konys\u00e1g\u00e1t \u00e9s k\u00e9nyelm\u00e9t. Ezek k\u00f6z\u00f6tt a t\u00e9nyez\u0151k k\u00f6z\u00f6tt szerepel az adag id\u0151z\u00edt\u00e9se, ami a k\u00e9rd\u00e9shez vezet: vajon jobb -e az amoxicillint reggel vagy este szedni? A gy\u00f3gyszer felsz\u00edv\u00f3d\u00e1s\u00e1nak, a betegszok\u00e1s \u00e9s a biol\u00f3giai ritmusok \u00e1rnyalatainak meg\u00e9rt\u00e9se seg\u00edthet az optim\u00e1lis adagol\u00e1si id\u0151 meghat\u00e1roz\u00e1s\u00e1ban.<\/p>\n<h2>Amoxicillin farmakokinetik\u00e1ja<\/h2>\n<p>A gy\u00f3gyszer farmakokinetik\u00e1ja mag\u00e1ban foglalja azt, hogy a test felsz\u00edvja, eloszlik, metaboliz\u00e1lja \u00e9s kiv\u00e1lasztja. Az amoxicillin, mint sok antibiotikum, akkor a legjobban felsz\u00edv\u00f3dik, ha \u00fcres gyomorra veszik. Ugyanakkor gyakran el\u0151\u00edrj\u00e1k, hogy \u00e9lelmiszerekkel szedj\u00e9k a gyomor -b\u00e9lrendszeri kellemetlens\u00e9g minimaliz\u00e1l\u00e1sa \u00e9rdek\u00e9ben, amely kiss\u00e9 k\u00e9slelteti az abszorpci\u00f3t.<\/p>\n<p>A tanulm\u00e1nyok azt sugallj\u00e1k, hogy az amoxicillin felsz\u00edv\u00f3d\u00e1s\u00e1t a napszak nem befoly\u00e1solja szignifik\u00e1nsan. Ez azt sugallja, hogy az antibiotikumok reggel vagy este ak\u00e1r a hat\u00e9konys\u00e1g jelent\u0151s k\u00fcl\u00f6nbs\u00e9gei n\u00e9lk\u00fcl is bevonhat\u00f3k. N\u00e9h\u00e1ny kutat\u00e1s azonban a cirkadi\u00e1n ritmusok fel\u00e9 mutat, amelyek befoly\u00e1solj\u00e1k a gy\u00f3gyszer anyagcser\u00e9j\u00e9t \u00e9s hat\u00e9konys\u00e1g\u00e1t. Ennek ellen\u00e9re korl\u00e1tozott meggy\u0151z\u0151 bizony\u00edt\u00e9kok vannak az amoxicillin adminisztr\u00e1ci\u00f3j\u00e1nak konkr\u00e9t id\u0151j\u00e9nek kiz\u00e1r\u00f3lag a farmakokinetika alapj\u00e1n.<\/p>\n<h2>A betegek betart\u00e1sa \u00e9s az \u00e9letm\u00f3d megfontol\u00e1sai<\/h2>\n<p>Az ide\u00e1lis adagol\u00e1si id\u0151 meghat\u00e1roz\u00e1s\u00e1nak egyik legkritikusabb t\u00e9nyez\u0151je a beteg megfelel\u00e9s. B\u00e1rmely gy\u00f3gyszer hat\u00e9konys\u00e1ga nagyban f\u00fcgg att\u00f3l, hogy mennyire k\u00f6vetkezetesen \u00e9s helyesen veszik. Sok beteg sz\u00e1m\u00e1ra minden nap egyidej\u0171leg egyidej\u0171leg gy\u00f3gyszeres kezel\u00e9s el\u0151seg\u00edti a rutin fenntart\u00e1s\u00e1t, ami viszont jav\u00edtja a megfelel\u00e9st.<\/p>\n<p>A reggeli adagol\u00e1s hasznos lehet azoknak <a href=\"https:\/\/digitalispatika.com\/vasarolni-amoxicillin-veny-nelkul\">Megrendel\u00e9s Amoxicillin 250mg<\/a> az egy\u00e9neknek, akiknek struktur\u00e1lt reggeli rutinja van. P\u00e9ld\u00e1ul az amoxicillin reggelivel t\u00f6rt\u00e9n\u0151 bev\u00e9tele el\u0151seg\u00edtheti a gy\u00f3gyszerek napi szok\u00e1sokba t\u00f6rt\u00e9n\u0151 integr\u00e1l\u00e1s\u00e1t. Ezzel szemben az esti adagol\u00e1s megfelelhet azoknak, akik szab\u00e1lytalan reggeli \u00fctemtervvel rendelkeznek, vagy akik a nap folyam\u00e1n ink\u00e1bb megszil\u00e1rd\u00edtj\u00e1k a gy\u00f3gyszeres bevitelt.<\/p>\n<p>V\u00e9g\u00fcl az amoxicillin szed\u00e9s\u00e9re a legjobb id\u0151pontnak igazodnia kell a beteg napi szok\u00e1saihoz a betart\u00e1s biztos\u00edt\u00e1sa \u00e9rdek\u00e9ben. Gyakran aj\u00e1nlott megbesz\u00e9lni az eg\u00e9szs\u00e9g\u00fcgyi szolg\u00e1ltat\u00f3kkal az id\u0151z\u00edt\u00e9st az egy\u00e9n \u00e9letm\u00f3dj\u00e1nak igaz\u00edt\u00e1s\u00e1hoz.<\/p>\n<h2>A cirkadi\u00e1n ritmusok hat\u00e1sa a gy\u00f3gyszer hat\u00e9konys\u00e1g\u00e1ra<\/h2>\n<p>A cirkadi\u00e1n ritmusok fizikai, ment\u00e1lis \u00e9s viselked\u00e9si v\u00e1ltoz\u00e1sok, amelyek a napi ciklust k\u00f6vetik. Ezek a ritmusok sz\u00e1mos \u00e9lettani folyamatot befoly\u00e1solhatnak, ide\u00e9rtve a gy\u00f3gyszer -anyagcser\u00e9t \u00e9s az immunfunkci\u00f3t is. Folyamatos kutat\u00e1sok folynak a kr\u00f3noter\u00e1pi\u00e1ban, amely mag\u00e1ban foglalja az id\u0151z\u00edt\u0151 gy\u00f3gyszerek bead\u00e1s\u00e1t, hogy megfeleljen ezeknek a term\u00e9szetes ritmusoknak a hat\u00e9konys\u00e1g optimaliz\u00e1l\u00e1sa \u00e9s a mell\u00e9khat\u00e1sok cs\u00f6kkent\u00e9se \u00e9rdek\u00e9ben.<\/p>\n<p>Egyes tanulm\u00e1nyok azt sugallj\u00e1k, hogy az immunrendszer napi vari\u00e1ci\u00f3kat mutat, \u00e9s bizonyos komponensek a napszakokban akt\u00edvabbak. A kr\u00f3noter\u00e1pia alkalmaz\u00e1sa azonban az antibiotikumkezel\u00e9sben, k\u00fcl\u00f6n\u00f6sen az amoxicillinn\u00e9l, tov\u00e1bbra is felt\u00f6rekv\u0151 ter\u00fclet, nem meggy\u0151z\u0151 bizony\u00edt\u00e9kokkal. Ez\u00e9rt, b\u00e1r a cirkadi\u00e1n ritmus szerepet j\u00e1tszhat, a jelenlegi klinikai gyakorlatok nem t\u00e1mogatj\u00e1k er\u0151sen egy adott adagol\u00e1si id\u0151t, amely kiz\u00e1r\u00f3lag ezeken a t\u00e9nyez\u0151k\u00f6n alapul.<\/p>\n<h2>A speci\u00e1lis popul\u00e1ci\u00f3k megfontol\u00e1sai<\/h2>\n<p>A speci\u00e1lis popul\u00e1ci\u00f3knak, p\u00e9ld\u00e1ul a gyermekeknek \u00e9s az id\u0151seknek, az adagol\u00e1si id\u0151kr\u0151l elt\u00e9r\u0151 megfontol\u00e1sokkal j\u00e1rhatnak. A gyermekek sz\u00e1m\u00e1ra az id\u0151z\u00edt\u00e9s az iskolai \u00fctemtervekt\u0151l \u00e9s a sz\u00fcl\u0151i rendelkez\u00e9sre \u00e1ll\u00e1st\u00f3l f\u00fcgghet. Annak biztos\u00edt\u00e1sa, hogy az adminisztr\u00e1ci\u00f3s id\u0151 ne zavarja az iskol\u00e1t vagy a j\u00e1t\u00e9kot, d\u00f6nt\u0151 jelent\u0151s\u00e9g\u0171 lehet a betart\u00e1s fenntart\u00e1sa szempontj\u00e1b\u00f3l.<\/p>\n<p>Az id\u0151skor\u00faak sz\u00e1m\u00e1ra olyan t\u00e9nyez\u0151ket kell figyelembe venni, mint a polifarmacy (t\u00f6bb gy\u00f3gyszer haszn\u00e1lata) \u00e9s a kognit\u00edv funkci\u00f3. A gy\u00f3gyszeres kezel\u00e9sek egyszer\u0171s\u00edt\u00e9se \u00e9s az \u00e9tkez\u00e9si id\u0151k \u00f6sszehangol\u00e1sa el\u0151seg\u00edtheti a csoportban val\u00f3 megfelel\u00e9s jav\u00edt\u00e1s\u00e1t.<\/p>\n<h2>K\u00f6vetkeztet\u00e9s<\/h2>\n<p>M\u00edg mind a reggeli, mind az esti amoxicillin adagol\u00e1sa meg\u00e9rdemli, a d\u00f6nt\u00e9s nagym\u00e9rt\u00e9kben f\u00fcgg az egy\u00e9ni \u00e9letm\u00f3dt\u00f3l \u00e9s a megfelel\u00e9si t\u00e9nyez\u0151kt\u0151l, nem pedig a tiszt\u00e1n farmakol\u00f3giai t\u00e9nyez\u0151kt\u0151l. A jelenlegi bizony\u00edt\u00e9kok a hat\u00e9konys\u00e1g szempontj\u00e1b\u00f3l egy alkalommal nem t\u00e1mogatnak egy alkalommal a m\u00e1sikkal szemben. A betegeknek \u00e9s az eg\u00e9szs\u00e9g\u00fcgyi szolg\u00e1ltat\u00f3knak egy\u00fctt kell m\u0171k\u00f6dni\u00fck egy adagol\u00e1si \u00fctemterv megtal\u00e1l\u00e1s\u00e1ban, amely maximaliz\u00e1lja a ragaszkod\u00e1st, \u00e9s z\u00f6kken\u0151mentesen illeszkedik a beteg mindennapi \u00e9let\u00e9be.<\/p>\n<h2>GYIK<\/h2>\n<h3>Rendben van -e az amoxicillint \u00e9jszaka szedni?<\/h3>\n<p>Igen, \u00e1ltal\u00e1ban biztons\u00e1gos az amoxicillint \u00e9jszaka szedni. A legfontosabb az, hogy fenntartsuk a k\u00f6vetkezetess\u00e9get, \u00e9s minden nap ugyanabban az id\u0151ben vegye be, legyen az reggel vagy az \u00e9jszaka.<\/p>\n<h3>Az amoxicillin id\u0151z\u00edt\u00e9se befoly\u00e1solja -e annak hat\u00e9konys\u00e1g\u00e1t?<\/h3>\n<p>Nincs olyan er\u0151s bizony\u00edt\u00e9k, amely arra utal, hogy az id\u0151z\u00edt\u00e9s jelent\u0151sen befoly\u00e1solja az amoxicillin hat\u00e9konys\u00e1g\u00e1t. Az el\u0151\u00edrt adag k\u00f6vetkezetess\u00e9ge \u00e9s betart\u00e1sa fontosabb t\u00e9nyez\u0151k.<\/p>\n<h3>Szedhetek amoxicillint \u00e9telekkel?<\/h3>\n<p>Igen, az amoxicillint \u00e9lelmez\u00e9ssel vagy an\u00e9lk\u00fcl lehet szedni. Az \u00e9telekkel t\u00f6rt\u00e9n\u0151 bev\u00e9tele seg\u00edthet cs\u00f6kkenteni a gyomorpanaszokat, b\u00e1r ez kiss\u00e9 k\u00e9sleltetheti felsz\u00edv\u00f3d\u00e1s\u00e1t.<\/p>\n","protected":false},"excerpt":{"rendered":"<p>A vita arr\u00f3l, hogy az amoxicillin reggeli vagy esti adagol\u00e1sa hat\u00e9konyabb, k\u00fcl\u00f6nf\u00e9le t\u00e9nyez\u0151kt\u0151l f\u00fcgg, bele\u00e9rtve a biol\u00f3giai ritmusokat, a gy\u00f3gyszeres kezel\u00e9seket \u00e9s a betegek betart\u00e1s\u00e1t. Az amoxicillin egy \u00e1ltal\u00e1nosan fel\u00edrt antibiotikum, amelyet k\u00fcl\u00f6nf\u00e9le bakteri\u00e1lis fert\u0151z\u00e9sek kezel\u00e9s\u00e9re haszn\u00e1lnak. Az adagol\u00e1sr\u00f3l sok t\u00e9nyez\u0151 befoly\u00e1solhatja a gy\u00f3gyszer hat\u00e9konys\u00e1g\u00e1t \u00e9s k\u00e9nyelm\u00e9t. Ezek k\u00f6z\u00f6tt a t\u00e9nyez\u0151k k\u00f6z\u00f6tt szerepel az adag [&hellip;]<\/p>\n","protected":false},"author":1,"featured_media":0,"comment_status":"open","ping_status":"open","sticky":false,"template":"","format":"standard","meta":[],"categories":[11955],"tags":[],"_links":{"self":[{"href":"http:\/\/ampnvolt.com.my\/index.php?rest_route=\/wp\/v2\/posts\/283363"}],"collection":[{"href":"http:\/\/ampnvolt.com.my\/index.php?rest_route=\/wp\/v2\/posts"}],"about":[{"href":"http:\/\/ampnvolt.com.my\/index.php?rest_route=\/wp\/v2\/types\/post"}],"author":[{"embeddable":true,"href":"http:\/\/ampnvolt.com.my\/index.php?rest_route=\/wp\/v2\/users\/1"}],"replies":[{"embeddable":true,"href":"http:\/\/ampnvolt.com.my\/index.php?rest_route=%2Fwp%2Fv2%2Fcomments&post=283363"}],"version-history":[{"count":1,"href":"http:\/\/ampnvolt.com.my\/index.php?rest_route=\/wp\/v2\/posts\/283363\/revisions"}],"predecessor-version":[{"id":283364,"href":"http:\/\/ampnvolt.com.my\/index.php?rest_route=\/wp\/v2\/posts\/283363\/revisions\/283364"}],"wp:attachment":[{"href":"http:\/\/ampnvolt.com.my\/index.php?rest_route=%2Fwp%2Fv2%2Fmedia&parent=283363"}],"wp:term":[{"taxonomy":"category","embeddable":true,"href":"http:\/\/ampnvolt.com.my\/index.php?rest_route=%2Fwp%2Fv2%2Fcategories&post=283363"},{"taxonomy":"post_tag","embeddable":true,"href":"http:\/\/ampnvolt.com.my\/index.php?rest_route=%2Fwp%2Fv2%2Ftags&post=283363"}],"curies":[{"name":"wp","href":"https:\/\/api.w.org\/{rel}","templated":true}]}}